  {"id":62670,"date":"2016-07-25T17:53:23","date_gmt":"2016-07-25T13:53:23","guid":{"rendered":"https:\/\/unec.edu.az\/?p=62670"},"modified":"2016-07-25T17:58:21","modified_gmt":"2016-07-25T13:58:21","slug":"miraga-ehmedov-meqa-fakulteler-tehsilde-daha-cox-ugur-elde-edirler","status":"publish","type":"post","link":"http:\/\/unec.edu.az\/ru\/miraga-ehmedov-meqa-fakulteler-tehsilde-daha-cox-ugur-elde-edirler\/","title":{"rendered":"Miraga \u018fhm\u0259dov: Meqa fak\u00fclt\u0259l\u0259r t\u0259hsild\u0259 daha \u00e7ox u\u011fur \u0259ld\u0259 edirl\u0259r"},"content":{"rendered":"<p style=\"text-align: justify;\"><em><a href=\"https:\/\/unec.edu.az\/application\/uploads\/2016\/07\/Miraga-Ahmadov.jpg\"><img fetchpriority=\"high\" decoding=\"async\" class=\"alignleft wp-image-62671 \" src=\"https:\/\/unec.edu.az\/application\/uploads\/2016\/07\/Miraga-Ahmadov-300x200.jpg\" alt=\"Miraga Ahmadov\" width=\"285\" height=\"190\" srcset=\"http:\/\/unec.edu.az\/application\/uploads\/2016\/07\/Miraga-Ahmadov-300x200.jpg 300w, http:\/\/unec.edu.az\/application\/uploads\/2016\/07\/Miraga-Ahmadov.jpg 800w\" sizes=\"(max-width: 285px) 100vw, 285px\" \/><\/a>Az\u0259rbaycan D\u00f6vl\u0259t \u0130qtisad Universiteti (91µÎµÎ) Elmi \u015euras\u0131n\u0131n q\u0259rar\u0131 il\u0259 idar\u0259etm\u0259ni t\u0259kmill\u0259\u015fdirm\u0259k v\u0259 daha s\u0259m\u0259r\u0259li idar\u0259etm\u0259 formalar\u0131n\u0131 se\u00e7m\u0259k m\u0259qs\u0259di il\u0259 Kommersiya, Biznes inzibat\u00e7\u0131l\u0131\u011f\u0131, \u0130nformatika v\u0259 idar\u0259etm\u0259 fak\u00fclt\u0259l\u0259ri l\u0259\u011fv edil\u0259r\u0259k, onlar\u0131n bazas\u0131nda Biznes v\u0259 menecment fak\u00fclt\u0259si yarad\u0131l\u0131b. Yeni fak\u00fclt\u0259nin dekan\u0131 v\u0259zif\u0259sini tutmaq \u00fc\u00e7\u00fcn se\u00e7kil\u0259r ke\u00e7iril\u0259n\u0259d\u0259k h\u0259min v\u0259zif\u0259nin icras\u0131 l\u0259\u011fv edil\u0259n Kommersiya fak\u00fclt\u0259sinin sabiq dekan\u0131, dosent Mira\u011fa \u018fhm\u0259dova h\u0259val\u0259 edilib.<\/em><\/p>\n<p style=\"text-align: justify;\"><em>Mira\u011fa \u018fhm\u0259dov 2000-ci ild\u0259n Az\u0259rbaycan D\u00f6vl\u0259t \u0130qtisad Universitetind\u0259 pedaqoji f\u0259aliyy\u0259t\u0259 ba\u015flay\u0131b. 2007-ci ild\u0259 91µÎµÎ-d\u0259 dissertasiya i\u015fini m\u00fcv\u0259ff\u0259qiyy\u0259tl\u0259 m\u00fcdafi\u0259 ed\u0259r\u0259k, \u0130qtisad elml\u0259ri namiz\u0259di alimlik d\u0259r\u0259c\u0259si al\u0131b. 2010-cu ild\u0259n \u0130qtisad Universitetinin Marketinq kafedras\u0131n\u0131n dosenti, 2012-ci ild\u0259n AMEA-n\u0131n \u0130qtisadiyyat \u0130nstitutunun doktorant\u0131d\u0131r. 2004-c\u00fc ild\u0259n Texnologiya v\u0259 dizayn fak\u00fclt\u0259sind\u0259 dekan m\u00fcavini, 2014-c\u00fc ild\u0259n is\u0259 Kommersiya fak\u00fclt\u0259sind\u0259 dekan v\u0259zif\u0259l\u0259rind\u0259 \u00e7al\u0131\u015f\u0131b. 2015-ci ild\u0259 AB\u015e D\u00f6vl\u0259t Departamentinin Beyn\u0259lxalq Liderlik Proqram\u0131nda (Ali T\u0259hsilin idar\u0259 edilm\u0259si) i\u015ftirak ed\u0259r\u0259k, Beyn\u0259lxalq sertifikata layiq g\u00f6r\u00fcl\u00fcb. 50-d\u0259n \u00e7ox elmi \u0259s\u0259rin, o c\u00fcml\u0259d\u0259n monoqrafiya, d\u0259rs v\u0259saiti, metodik g\u00f6st\u0259ri\u015f v\u0259 d\u0259rs proqram\u0131n\u0131n m\u00fc\u0259llifidir. Beyn\u0259lxalq jurnallarda 9 elmi m\u0259qal\u0259si \u00e7ap edilib.<\/em><\/p>\n<p style=\"text-align: justify;\"><em>Biznes v\u0259 menecment fak\u00fclt\u0259sinin dekan \u0259v\u0259zi Mira\u011fa \u018fhm\u0259dov il\u0259 m\u00fcsahib\u0259ni t\u0259qdim edirik:<\/em><\/p>\n<p style=\"text-align: justify;\">&#8212; Mira\u011fa m\u00fc\u0259llim, son zamanlarda 91µÎµÎ-d\u0259 idar\u0259etm\u0259ni t\u0259kmill\u0259\u015fdirm\u0259k v\u0259 daha s\u0259m\u0259r\u0259li idar\u0259etm\u0259 formalar\u0131n\u0131 se\u00e7m\u0259k m\u0259qs\u0259di il\u0259 meqa fak\u00fclt\u0259l\u0259r yarad\u0131l\u0131r. Meqa fak\u00fclt\u0259l\u0259rin yarad\u0131lmas\u0131n\u0131 nec\u0259 qiym\u0259tl\u0259ndirirsiniz?<\/p>\n<p style=\"text-align: justify;\">&#8212; Fikirl\u0259rim\u0259 c\u0259nab Prezident \u0130lham \u018fliyevin s\u00f6zl\u0259ri il\u0259 ba\u015flamaq ist\u0259y\u0259rdim. D\u00f6vl\u0259t ba\u015f\u00e7\u0131s\u0131 bildirir ki, t\u0259hsilin s\u0259viyy\u0259si \u00f6lk\u0259mizin perspektivl\u0259rini m\u00fc\u0259yy\u0259n ed\u0259c\u0259k: \u201cBiz inki\u015faf etmi\u015f \u00f6lk\u0259l\u0259rin t\u0259cr\u00fcb\u0259sini yax\u015f\u0131 bilirik v\u0259 g\u00f6r\u00fcr\u00fck ki, o \u00f6lk\u0259l\u0259r, s\u00f6z\u00fcn \u0259sl m\u0259nas\u0131nda inki\u015faf edir ki, orada t\u0259hsilin s\u0259viyy\u0259si y\u00fcks\u0259kdir. Biz \u00e7al\u0131\u015f\u0131r\u0131q ki, Az\u0259rbaycanda bu sah\u0259y\u0259 daim diqq\u0259t g\u00f6st\u0259rilsin, praktiki t\u0259dbir g\u00f6r\u00fcls\u00fcn, t\u0259hsil sisteminin maddi-texniki bazas\u0131 g\u00fccl\u0259nsin, eyni zamanda v\u0259 \u0259n \u00f6n\u0259mlisi t\u0259hsilin keyfiyy\u0259ti arts\u0131n. Ali m\u0259kt\u0259bl\u0259rd\u0259 bu proses ard\u0131c\u0131ll\u0131qla, vahid sistem \u015f\u0259klind\u0259 apar\u0131lmal\u0131d\u0131r v\u0259 apar\u0131l\u0131r\u201d. Biz bu g\u00fcn d\u00fcnyan\u0131n \u0259n inki\u015faf etmi\u015f \u00f6lk\u0259l\u0259rin universitetl\u0259rin\u0259 n\u0259z\u0259r salsaq, g\u00f6r\u0259rik ki, meqa fak\u00fclt\u0259l\u0259r t\u0259hsild\u0259 daha \u00e7ox u\u011fur \u0259ld\u0259 edirl\u0259r. Bu, institutla\u015fma il\u0259 \u0259laq\u0259dard\u0131r. Uy\u011fun ixtisas sahibl\u0259rinin eyni m\u0259kanda, vahid idar\u0259etm\u0259 strukturunda t\u0259hsil v\u0259 t\u0259cr\u00fcb\u0259 ke\u00e7m\u0259si bilavasit\u0259 t\u0259l\u0259b\u0259l\u0259rin bilik s\u0259viyy\u0259sin\u0259 \u00f6z m\u00fcsb\u0259t t\u0259sirini g\u00f6st\u0259rir. Bu bax\u0131mdan 91µÎµÎ-d\u0259 Marketinq, Kommersiya, Menecment, Biznesin idar\u0259 edilm\u0259si ixtisaslar\u0131n\u0131n vahid idar\u0259etm\u0259 strukturunda yerl\u0259\u015fm\u0259si prosesin tamamlanmas\u0131d\u0131r.<\/p>\n<p style=\"text-align: justify;\">91µÎµÎ art\u0131q d\u00fcnya universitetl\u0259ri aras\u0131nda tan\u0131nmaqdad\u0131r. Bilirsiniz ki, \u00f6t\u0259n ay d\u00fcnyaca m\u0259\u015fhur reytinq agentliyi olan QS (Quacquarelli Symonds) \u0130nki\u015faf\u00a0 Etm\u0259kd\u0259 olan Avropa v\u0259 M\u0259rk\u0259zi Asiya regionu \u00fczr\u0259 s\u0131ralamas\u0131n\u0131 a\u00e7\u0131qlad\u0131. 9 indikator \u00fczr\u0259 regionun 30 \u00f6lk\u0259sinin 500-d\u0259n \u00e7ox universiteti aras\u0131nda apar\u0131lan ara\u015fd\u0131rmaya g\u00f6r\u0259, 91µÎµÎ s\u0131rf iqtisady\u00f6n\u00fcml\u00fc 4-c\u00fc universitetdir. Universitetimiz h\u0259m d\u0259 regionun \u0259n yax\u015f\u0131 200 universiteti aras\u0131nda q\u0259rarla\u015f\u0131b. 91µÎµÎ d\u00fcnya s\u0259viyy\u0259li universitet olma\u011f\u0131 qar\u015f\u0131s\u0131na m\u0259qs\u0259d qoyub v\u0259 bu istiqam\u0259td\u0259 u\u011furla ir\u0259lil\u0259yir. Meqa fak\u00fclt\u0259l\u0259rin yarad\u0131lmas\u0131 da bu iqtiqam\u0259td\u0259 at\u0131lan add\u0131mlardan, h\u0259d\u0259f strategiyalar\u0131ndan biridir.<\/p>\n<p style=\"text-align: justify;\"><em>&#8212; Fikrinizc\u0259 yeni fak\u00fclt\u0259nin yarad\u0131lmas\u0131 91µÎµÎ-d\u0259 t\u0259hsilin keyfiyy\u0259tin\u0259 nec\u0259 t\u0259sir ed\u0259c\u0259k?<\/em><\/p>\n<p style=\"text-align: justify;\">&#8212; Eyni profilli fak\u00fclt\u0259l\u0259rin birl\u0259\u015fm\u0259si h\u0259m g\u00fcn\u00fcn t\u0259l\u0259bind\u0259n, h\u0259m d\u0259 d\u00fcnya t\u0259cr\u00fcb\u0259sind\u0259n ir\u0259li g\u0259lir. Bel\u0259 ki, insan orqanizminin h\u0259r bir \u00fczv\u00fc bir funksiyan\u0131 yerin\u0259 yetirdiyi kimi biznes m\u00fchitini marketinqsiz, menecmentsiz t\u0259s\u0259vv\u00fcr etm\u0259k m\u00fcmk\u00fcn deyil. Bu bax\u0131mdan fak\u00fclt\u0259l\u0259rin birl\u0259\u015fdiril\u0259r\u0259k, meqa fak\u00fclt\u0259y\u0259 \u00e7evrilm\u0259si u\u011furlu t\u0259hsil strategiyas\u0131na h\u0259d\u0259fl\u0259nir. Beyn\u0259lxalq t\u0259cr\u00fcb\u0259y\u0259 n\u0259z\u0259r salanda g\u00f6r\u00fcr\u00fck ki, istehsal, xidm\u0259t v\u0259 ya t\u0259dav\u00fcl sferas\u0131na \u00f6z t\u00f6hf\u0259sini ver\u0259n, n\u0259tic\u0259 etibar\u0131 il\u0259 istehlak\u00e7\u0131 t\u0259l\u0259bat\u0131n\u0131 \u00f6d\u0259y\u0259n ixtisaslar t\u0259hsil sferas\u0131nda xaotik f\u0259aliyy\u0259t g\u00f6st\u0259r\u0259 bilm\u0259z. Bu bax\u0131mdan yeni yarad\u0131lan Biznes v\u0259 menecment fak\u00fclt\u0259si h\u0259cmc\u0259 b\u00f6y\u00fck olsa da, mahiyy\u0259tc\u0259 mobillik yaradacaq. Aliml\u0259rin g\u00fcc\u00fcn\u00fc bir araya g\u0259tir\u0259c\u0259k. T\u0259hsilin keyfiyy\u0259tinin y\u00fcks\u0259lm\u0259sin\u0259 h\u0259d\u0259fl\u0259n\u0259c\u0259k.<\/p>\n<p style=\"text-align: justify;\"><em>&#8212; Bir az yeni yarad\u0131lan Biznes v\u0259 menecment fak\u00fclt\u0259si haqq\u0131nda m\u0259lumat verm\u0259yinizi xahi\u015f edirik.<\/em><\/p>\n<p style=\"text-align: justify;\">&#8212; Biznes v\u0259 menecment fak\u00fclt\u0259sind\u0259 6 ixtisas \u00fczr\u0259 2012 t\u0259l\u0259b\u0259 t\u0259hsil alacaq. G\u0259l\u0259c\u0259kd\u0259 is\u0259 yeni ixtisas &#8212; logistika \u00fczr\u0259 m\u00fct\u0259x\u0259ssis haz\u0131rl\u0131\u011f\u0131n\u0131 d\u00fc\u015f\u00fcn\u00fcr\u00fck. Fak\u00fclt\u0259nin n\u0259zdind\u0259 \u0130nformasiya iqtisadiyyat\u0131 v\u0259 texnologiyalar\u0131, Menecment, \u0130nformatika, Ekonometrika, Riyaziyyat, Ticar\u0259t v\u0259 g\u00f6mr\u00fck i\u015finin t\u0259\u015fkili, Marketinq, Humanitar f\u0259nl\u0259r, Biznesin idar\u0259 edilm\u0259si, Az\u0259rbaycan dili, Rus dili kafedralar\u0131 olmaqla, 11 kafedra f\u0259aliyy\u0259t g\u00f6st\u0259rir.<\/p>\n<p style=\"text-align: justify;\"><em>&#8212; Meqa fak\u00fclt\u0259nin qar\u015f\u0131s\u0131nda hans\u0131 t\u0259l\u0259bl\u0259r dayan\u0131r? Fak\u00fclt\u0259nin prioritetl\u0259rini a\u00e7\u0131qlama\u011f\u0131n\u0131z\u0131 xahi\u015f edirik.<\/em><\/p>\n<p style=\"text-align: justify;\">&#8212; Biznes v\u0259 menecment fak\u00fclt\u0259sinin n\u0259zdind\u0259 olan ixtisaslar bu g\u00fcn Az\u0259rbaycan iqtisadiyyat\u0131n\u0131n \u0259sas prioritet sah\u0259l\u0259rini t\u0259\u015fkil edir. Bu bax\u0131mdan da universitet r\u0259hb\u0259rliyinin qar\u015f\u0131m\u0131za qoydu\u011fu t\u0259l\u0259bl\u0259r \u2013 intizam\u0131 m\u00f6hk\u0259ml\u0259tm\u0259k, Elektron Universitet modelind\u0259n b\u0259hr\u0259l\u0259n\u0259k keyfiyy\u0259tli t\u0259hsil t\u0259dris etm\u0259k, d\u00fcnya t\u0259cr\u00fcb\u0259sini daha d\u0259rind\u0259n t\u0259dqiq ed\u0259r\u0259k innovativ yenilikl\u0259ri t\u0259l\u0259b\u0259l\u0259r\u0259 \u00e7atd\u0131rmaq, t\u0259cr\u00fcb\u0259 m\u00fcbadil\u0259 proqramlar\u0131nda f\u0259al i\u015ftirak etm\u0259k, auditoriyadan k\u0259nar saatlarda daha \u00e7ox istehsalatla \u0259laq\u0259 qurmaqd\u0131r. G\u00f6r\u0259c\u0259yimiz i\u015fl\u0259r s\u0131ras\u0131nda beyn\u0259lxalq \u0259laq\u0259l\u0259ri g\u00fccl\u0259ndirm\u0259k, d\u00fcnyan\u0131n n\u00fcfuzlu universitetl\u0259ri il\u0259 videokonfranslar ke\u00e7irm\u0259k, fiziki m\u0259hdudiyy\u0259tli t\u0259l\u0259b\u0259l\u0259r \u00fc\u00e7\u00fcn distant imtahanlar t\u0259\u015fkil etm\u0259k dayan\u0131r.<\/p>\n<p style=\"text-align: justify;\"><em>&#8212; Sizin d\u0259 qeyd etdiyiniz ki, Biznes v\u0259 menecment fak\u00fclt\u0259sinin n\u0259zdind\u0259 olan ixtisaslar bu g\u00fcn \u00f6lk\u0259nin \u0259m\u0259k bazar\u0131nda \u0259n t\u0259l\u0259bolunan ixtisaslard\u0131r. \u018fm\u0259k bazar\u0131 il\u0259 m\u00fcnasib\u0259tl\u0259r nec\u0259 qurulacaq?<\/em><\/p>\n<p style=\"text-align: justify;\">&#8212; H\u0259d\u0259fimiz \u0259m\u0259k bazar\u0131nda laz\u0131m olan kadr t\u0259l\u0259bat\u0131n\u0131 \u00f6d\u0259m\u0259kdir. Bu g\u00fcn 91µÎµÎ-d\u0259 ged\u0259n u\u011furlu t\u0259hsil islahatlar\u0131 \u0259m\u0259k bazar\u0131nda bizim kadrlara t\u0259l\u0259bat\u0131 art\u0131r\u0131b. Bel\u0259 ki, art\u0131q \u00e7oxsayl\u0131 d\u00f6vl\u0259t v\u0259 \u00f6z\u0259l m\u00fc\u0259ssis\u0259l\u0259rd\u0259n sifari\u015fl\u0259r q\u0259bul edirik. Q\u00fcrurla bildirir\u0259m ki, b\u00f6y\u00fck holdinql\u0259r, n\u00fcfuzlu \u015firk\u0259tl\u0259r biziml\u0259 \u0259m\u0259kda\u015fl\u0131q edir. Birlikd\u0259 konfranslar, d\u0259yirmi masalar t\u0259\u015fkil edirik. Bu t\u0259dbirl\u0259rd\u0259 real i\u015f d\u00fcnyas\u0131ndan g\u0259l\u0259n m\u00fct\u0259x\u0259ssisl\u0259r t\u0259l\u0259b\u0259l\u0259mizl\u0259 ciddi maraqlan\u0131rlar. X\u00fcsusi olaraq, istehsalat t\u0259cr\u00fcb\u0259si zaman\u0131 t\u0259l\u0259b\u0259l\u0259rimizin bilik v\u0259 bacar\u0131\u011f\u0131na b\u0259l\u0259d olduqdan sonra onlar\u0131 \u00f6z \u015firk\u0259tl\u0259rin\u0259 d\u0259v\u0259t edirl\u0259r.<\/p>\n<p style=\"text-align: justify;\"><em>&#8212; Yeni yarad\u0131lan fak\u00fclt\u0259d\u0259n g\u00f6zl\u0259ntil\u0259rimiz \u00e7oxdur. Biznes v\u0259 menecment fak\u00fclt\u0259sind\u0259 i\u015fin qurulmas\u0131 \u00fc\u00e7\u00fcn x\u00fcsusi bir plan\u0131n\u0131z varm\u0131?<\/em><\/p>\n<p style=\"text-align: justify;\">&#8212; Biznes v\u0259 menecment fak\u00fclt\u0259sind\u0259 m\u0259qs\u0259dimiz n\u00fcmun\u0259vi fak\u00fclt\u0259 modeli qurmaqd\u0131r. Bunun da \u0259sas\u0131n\u0131 t\u0259l\u0259b\u0259-m\u00fc\u0259llim mobilliyi t\u0259\u015fkil edir. Mobilliyi yaradan s\u0259b\u0259b keyfiyy\u0259tli t\u0259hsildir. \u018fvv\u0259ll\u0259r mikro fak\u00fclt\u0259l\u0259r m\u00f6vcud idi, keyfiyy\u0259tli t\u0259hsil u\u011frunda r\u0259qab\u0259t aparmaq asan idi. Hal-haz\u0131rda g\u00fccl\u00fc maddi-texniki bazaya malik olan meqa fak\u00fclt\u0259l\u0259r yaran\u0131b. \u018flb\u0259td\u0259 ki, biz daha \u00e7ox \u00f6z \u00fcz\u0259rimizd\u0259 i\u015fl\u0259m\u0259liyik. Onu da qeyd etm\u0259k ist\u0259yir\u0259m ki, m\u0259n n\u00fcmun\u0259vi fak\u00fclt\u0259 modelind\u0259 t\u0259l\u0259b\u0259-m\u00fc\u0259lliml\u0259rl\u0259 yana\u015f\u0131, valideynl\u0259ri v\u0259 \u00fcmumiyy\u0259tl\u0259 ictimaiyy\u0259tin v\u0259hd\u0259tini d\u0259 g\u00f6r\u00fcr\u0259m.<\/p>\n","protected":false},"excerpt":{"rendered":"<p>Az\u0259rbaycan D\u00f6vl\u0259t \u0130qtisad Universiteti (91µÎµÎ) Elmi \u015euras\u0131n\u0131n q\u0259rar\u0131 il\u0259 idar\u0259etm\u0259ni t\u0259kmill\u0259\u015fdirm\u0259k v\u0259 daha s\u0259m\u0259r\u0259li idar\u0259etm\u0259 formalar\u0131n\u0131 se\u00e7m\u0259k m\u0259qs\u0259di il\u0259 Kommersiya, Biznes inzibat\u00e7\u0131l\u0131\u011f\u0131, \u0130nformatika v\u0259 idar\u0259etm\u0259 fak\u00fclt\u0259l\u0259ri l\u0259\u011fv edil\u0259r\u0259k, onlar\u0131n bazas\u0131nda Biznes v\u0259 menecment fak\u00fclt\u0259si yarad\u0131l\u0131b. Yeni fak\u00fclt\u0259nin dekan\u0131 v\u0259zif\u0259sini tutmaq \u00fc\u00e7\u00fcn se\u00e7kil\u0259r ke\u00e7iril\u0259n\u0259d\u0259k h\u0259min v\u0259zif\u0259nin icras\u0131 l\u0259\u011fv edil\u0259n Kommersiya fak\u00fclt\u0259sinin sabiq dekan\u0131, dosent Mira\u011fa \u018fhm\u0259dova [&hellip;]<\/p>\n","protected":false},"author":8,"featured_media":62671,"comment_status":"open","ping_status":"open","sticky":false,"template":"","format":"standard","meta":{"footnotes":""},"categories":[2],"tags":[],"class_list":["post-62670","post","type-post","status-publish","format-standard","has-post-thumbnail","hentry","category-novosti"],"_links":{"self":[{"href":"http:\/\/unec.edu.az\/ru\/wp-json\/wp\/v2\/posts\/62670","targetHints":{"allow":["GET"]}}],"collection":[{"href":"http:\/\/unec.edu.az\/ru\/wp-json\/wp\/v2\/posts"}],"about":[{"href":"http:\/\/unec.edu.az\/ru\/wp-json\/wp\/v2\/types\/post"}],"author":[{"embeddable":true,"href":"http:\/\/unec.edu.az\/ru\/wp-json\/wp\/v2\/users\/8"}],"replies":[{"embeddable":true,"href":"http:\/\/unec.edu.az\/ru\/wp-json\/wp\/v2\/comments?post=62670"}],"version-history":[{"count":1,"href":"http:\/\/unec.edu.az\/ru\/wp-json\/wp\/v2\/posts\/62670\/revisions"}],"predecessor-version":[{"id":62672,"href":"http:\/\/unec.edu.az\/ru\/wp-json\/wp\/v2\/posts\/62670\/revisions\/62672"}],"wp:featuredmedia":[{"embeddable":true,"href":"http:\/\/unec.edu.az\/ru\/wp-json\/wp\/v2\/media\/62671"}],"wp:attachment":[{"href":"http:\/\/unec.edu.az\/ru\/wp-json\/wp\/v2\/media?parent=62670"}],"wp:term":[{"taxonomy":"category","embeddable":true,"href":"http:\/\/unec.edu.az\/ru\/wp-json\/wp\/v2\/categories?post=62670"},{"taxonomy":"post_tag","embeddable":true,"href":"http:\/\/unec.edu.az\/ru\/wp-json\/wp\/v2\/tags?post=62670"}],"curies":[{"name":"wp","href":"https:\/\/api.w.org\/{rel}","templated":true}]}}