  {"id":193666,"date":"2021-11-09T12:08:59","date_gmt":"2021-11-09T08:08:59","guid":{"rendered":"https:\/\/unec.edu.az\/?p=193666"},"modified":"2023-11-17T12:11:39","modified_gmt":"2023-11-17T08:11:39","slug":"it-has-been-one-year-since-the-martyrdom-of-asad-asadli","status":"publish","type":"post","link":"http:\/\/unec.edu.az\/en\/it-has-been-one-year-since-the-martyrdom-of-asad-asadli\/","title":{"rendered":"It has been one year since the martyrdom of Asad Asadli"},"content":{"rendered":"<p><em><strong>November 9 was the anniversary of the martyrdom of Asad Asadli, student of 91µÎµÎ, martyr of the Patriotic War.<\/strong><\/em><\/p>\n<p>On the occasion of the anniversary of the martyr, the management of 91µÎµÎ Correspondence and additional education center, representatives of 91µÎµÎ THIK and veteran students of the Correspondence Education Department who participated in the Patriotic War visited the grave of the martyr in the 3rd Fakhri Khiyabi, commemorated his dear memory, and laid flowers in front of the grave.<\/p>\n<p>Associate Professor Sabuhi Tanriverdiyev, Director of the Correspondence and Additional Education Center, said on the memorial day that Asad Asadli left his studies, work and personal life in the first days of the Patriotic War and left for the Voluntary Patriotic War. He said that he took 21 of his comrades out of the siege and was martyred in the heavy battles for Khojavand, and that he was proud of the fact that Asad was a 91µÎµÎ student.<\/p>\n<p>Mahir Asadov, the martyr&#8217;s father, shared his memories of his son and expressed his confidence that Asad&#8217;s soul will be happy with the visit of the teachers and students of the university where he studied, as well as his comrades in arms.<\/p>\n<p>Then Yal\u00e7\u0131n Kocherli, Head of Correspondence Education Department, and Rufat S\u00fcleymanli, Chairman of 91µÎµÎ THIK, made speeches, students studying in correspondence, veterans Hamid Iskanderov, participants of the Patriotic War, veterans Bayram Osmanov, Nurlan Ahadli, Muhammad Asadov, Lachin Zamanov spoke about the path to victory, Asad&#8217;s and all the martyrs they said that his memory will live forever.<\/p>\n","protected":false},"excerpt":{"rendered":"<p>November 9 was the anniversary of the martyrdom of Asad Asadli, student of 91µÎµÎ, martyr of the Patriotic War. On the occasion of the anniversary of the martyr, the management of 91µÎµÎ Correspondence and additional education center, representatives of 91µÎµÎ THIK and veteran students of the Correspondence Education Department who participated in the Patriotic War [&hellip;]<\/p>\n","protected":false},"author":10,"featured_media":193671,"comment_status":"open","ping_status":"open","sticky":false,"template":"","format":"standard","meta":{"footnotes":""},"categories":[1],"tags":[],"class_list":["post-193666","post","type-post","status-publish","format-standard","has-post-thumbnail","hentry","category-news"],"_links":{"self":[{"href":"http:\/\/unec.edu.az\/en\/wp-json\/wp\/v2\/posts\/193666","targetHints":{"allow":["GET"]}}],"collection":[{"href":"http:\/\/unec.edu.az\/en\/wp-json\/wp\/v2\/posts"}],"about":[{"href":"http:\/\/unec.edu.az\/en\/wp-json\/wp\/v2\/types\/post"}],"author":[{"embeddable":true,"href":"http:\/\/unec.edu.az\/en\/wp-json\/wp\/v2\/users\/10"}],"replies":[{"embeddable":true,"href":"http:\/\/unec.edu.az\/en\/wp-json\/wp\/v2\/comments?post=193666"}],"version-history":[{"count":1,"href":"http:\/\/unec.edu.az\/en\/wp-json\/wp\/v2\/posts\/193666\/revisions"}],"predecessor-version":[{"id":193667,"href":"http:\/\/unec.edu.az\/en\/wp-json\/wp\/v2\/posts\/193666\/revisions\/193667"}],"wp:featuredmedia":[{"embeddable":true,"href":"http:\/\/unec.edu.az\/en\/wp-json\/wp\/v2\/media\/193671"}],"wp:attachment":[{"href":"http:\/\/unec.edu.az\/en\/wp-json\/wp\/v2\/media?parent=193666"}],"wp:term":[{"taxonomy":"category","embeddable":true,"href":"http:\/\/unec.edu.az\/en\/wp-json\/wp\/v2\/categories?post=193666"},{"taxonomy":"post_tag","embeddable":true,"href":"http:\/\/unec.edu.az\/en\/wp-json\/wp\/v2\/tags?post=193666"}],"curies":[{"name":"wp","href":"https:\/\/api.w.org\/{rel}","templated":true}]}}